{"id":542,"date":"2026-03-11T22:47:56","date_gmt":"2026-03-11T22:47:56","guid":{"rendered":"https:\/\/sarandidigital.com\/uy\/?p=542"},"modified":"2026-03-11T22:47:56","modified_gmt":"2026-03-11T22:47:56","slug":"violencia-basada-en-genero-22-mujeres-son-atendidas-en-este-momento-desde-la-intendencia-de-florida-y-726-han-consultado-en-el-ultimo-ano","status":"publish","type":"post","link":"https:\/\/sarandidigital.com\/uy\/violencia-basada-en-genero-22-mujeres-son-atendidas-en-este-momento-desde-la-intendencia-de-florida-y-726-han-consultado-en-el-ultimo-ano\/","title":{"rendered":"Violencia basada en G\u00e9nero: 22 mujeres son atendidas en este momento desde la Intendencia de Florida y 726 han consultado en el \u00faltimo a\u00f1o"},"content":{"rendered":"\n<figure class=\"wp-block-image size-full\"><a href=\"https:\/\/sarandidigital.com\/uy\/wp-content\/uploads\/2026\/03\/La-ley-integral-contra-la-violencia-de-genero-un-triunfo-fundamental.jpg\"><img loading=\"lazy\" decoding=\"async\" width=\"1000\" height=\"567\" src=\"https:\/\/sarandidigital.com\/uy\/wp-content\/uploads\/2026\/03\/La-ley-integral-contra-la-violencia-de-genero-un-triunfo-fundamental.jpg\" alt=\"\" class=\"wp-image-543\" srcset=\"https:\/\/sarandidigital.com\/uy\/wp-content\/uploads\/2026\/03\/La-ley-integral-contra-la-violencia-de-genero-un-triunfo-fundamental.jpg 1000w, https:\/\/sarandidigital.com\/uy\/wp-content\/uploads\/2026\/03\/La-ley-integral-contra-la-violencia-de-genero-un-triunfo-fundamental-300x170.jpg 300w, https:\/\/sarandidigital.com\/uy\/wp-content\/uploads\/2026\/03\/La-ley-integral-contra-la-violencia-de-genero-un-triunfo-fundamental-768x435.jpg 768w\" sizes=\"auto, (max-width: 1000px) 100vw, 1000px\" \/><\/a><\/figure>\n\n\n\n<p><\/p>\n\n\n\n<p>La Semana de la Mujer, el D\u00eda Internacional de la Mujer \u2013este domingo 8-, marzo en su conjunto definido como el Mes de la Mujer, son espacios de tiempo donde la visibilidad del g\u00e9nero aumenta. Ello tambi\u00e9n se registr\u00f3 desde \u00c1rea de G\u00e9nero de la Intendencia de Florida, que mediante rueda de prensa present\u00f3 un balance de gesti\u00f3n durante el actual per\u00edodo de gobierno<\/p>\n\n\n\n<p>La actividad cont\u00f3 con la participaci\u00f3n del director general de Desarrollo Social, Germ\u00e1n Lapasta; la responsable del \u00c1rea de G\u00e9nero, Beatriz Vidal; y la psic\u00f3loga Macarena Guarteche, quienes informaron sobre las acciones realizadas, los servicios que se brindan y el cronograma de actividades previsto por el Mes de la Mujer 2026.<\/p>\n\n\n\n<p>Durante la conferencia, el director de Desarrollo Social, Germ\u00e1n Lapasta, destac\u00f3 el trabajo que desarrolla el equipo del \u00e1rea, que funciona en el primer piso del Estadio Campeones Ol\u00edmpicos, brindando atenci\u00f3n y acompa\u00f1amiento a mujeres que atraviesan situaciones de violencia. En ese sentido, subray\u00f3 que el servicio cuenta con un equipo integrado por profesionales de distintas disciplinas, incluyendo psicolog\u00eda y asesoramiento jur\u00eddico gratuito.<\/p>\n\n\n\n<p><strong><em>Cifras preocupantes<\/em><\/strong><\/p>\n\n\n\n<p>La responsable del \u00e1rea, Beatriz Vidal, realiz\u00f3 un repaso de la labor desarrollada durante el per\u00edodo 2025-2026, se\u00f1alando que el&nbsp;Servicio de Atenci\u00f3n Integral a Mujeres en situaci\u00f3n de violencia basada en g\u00e9nero&nbsp;ha registrado 726 consultas en el \u00faltimo a\u00f1o y un total acumulado de 4.161 desde su creaci\u00f3n. Actualmente 206 mujeres se encuentran en procesos de atenci\u00f3n y acompa\u00f1amiento, con 71 casos que han requerido judicializaci\u00f3n.<\/p>\n\n\n\n<p>Vidal explic\u00f3 que el servicio est\u00e1 dirigido principalmente a mujeres mayores de 18 a\u00f1os del interior del departamento, provenientes de localidades como Sarand\u00ed Grande, Casup\u00e1, 25 de Agosto, 25 de Mayo, Cerro Colorado, Go\u00f1i, Puntas de Maciel y zonas rurales, entre otras. El abordaje se realiza a trav\u00e9s de un equipo interdisciplinario que brinda acompa\u00f1amiento psicol\u00f3gico, asesoramiento legal y apoyo en la gesti\u00f3n de recursos sociales, econ\u00f3micos y habitacionales.<\/p>\n\n\n\n<p>Asimismo, destac\u00f3 el trabajo de articulaci\u00f3n con diferentes organismos e instituciones como MIDES, Ministerio del Interior, Ministerio de Vivienda y Ordenamiento Territorial, instituciones de salud y organizaciones sociales, lo que permite brindar respuestas integrales a las mujeres en situaci\u00f3n de violencia.<\/p>\n\n\n\n<p>En el plano preventivo, el \u00e1rea tambi\u00e9n desarrolla talleres y actividades de sensibilizaci\u00f3n en centros educativos, instituciones p\u00fablicas y organizaciones de la comunidad, abordando tem\u00e1ticas como violencia basada en g\u00e9nero, derechos de las mujeres, salud mental, convivencia y comunicaci\u00f3n.<\/p>\n\n\n\n<p><strong><em>M\u00e1s actividades<\/em><\/strong><\/p>\n\n\n\n<p>Durante la conferencia tambi\u00e9n se present\u00f3 el cronograma de actividades previstas en el marco del Mes de la Mujer. Entre ellas se destacan la proyecci\u00f3n de la pel\u00edcula independiente&nbsp;\u2018Del Cielo a la Tierra\u2019; la feria artesanal de mujeres emprendedoras que se realiz\u00f3 el s\u00e1bado 7; la actividad del colectivo 8M el domingo 8 en la Plaza de la Mujer; y la charla \u2018Vamos a encontrarnos\u2019, prevista para el jueves 12 de marzo a las 15:00 horas en el propio estadio de la capital del departamento.<\/p>\n\n\n\n<p>Finalmente, la psic\u00f3loga Macarena Guarteche brind\u00f3 detalles del&nbsp;Servicio de Atenci\u00f3n Integral, invitando a las mujeres que atraviesen situaciones de violencia a acercarse al equipo para recibir acompa\u00f1amiento profesional. El servicio atiende a mujeres mayores de 18 a\u00f1os del interior del departamento y puede ser contactado a trav\u00e9s de los tel\u00e9fonos&nbsp;092 030 362&nbsp;y&nbsp;4350 3094.<\/p>\n\n\n\n<p><strong><em>Informaci\u00f3n sensible<\/em><\/strong><\/p>\n\n\n\n<p>Desde la Intendencia de Florida se reafirm\u00f3 \u201cel compromiso de continuar impulsando pol\u00edticas p\u00fablicas con perspectiva de g\u00e9nero que promuevan la protecci\u00f3n, el acompa\u00f1amiento y la autonom\u00eda de las mujeres en todo el departamento\u201d.<\/p>\n\n\n\n<p>El espacio f\u00edsico de la Secretar\u00eda de G\u00e9nero es el Estadio Campeones Ol\u00edmpicos, primer piso.<\/p>\n\n\n\n<p>Es el lugar para que mujeres de Sarand\u00ed Grande accedan al servicio, sede del Servicio integral a mujeres en situaci\u00f3n de violencia basada en g\u00e9nero, dirigido a mujeres mayores de 18 a\u00f1os,&nbsp;residentes en el interior del departamento de Florida.<\/p>\n\n\n\n<p>Actualmente se est\u00e1 atendiendo, por la licenciada Macarena Guarteche,&nbsp;a mujeres provenientes de las localidades de Sarand\u00ed Grande, Casup\u00e1, 25 de Agosto, 25 de Mayo,&nbsp;Cerro Colorado, Go\u00f1i, Puntas de Maciel, as\u00ed como otras zonas rurales.&nbsp;<\/p>\n\n\n\n<p>\u201cQuiero destacar que nosotros atendemos tambi\u00e9n a familias del departamento y mujeres de nuestra localidad,&nbsp;donde somos nexo para derivarlo, seg\u00fan los planteos que vengan o las inquietudes,&nbsp;a otras instituciones desde Secretar\u00eda de G\u00e9nero.&nbsp;El Servicio de Atenci\u00f3n Integral de Mujeres en Situaci\u00f3n de Violencia Basada en G\u00e9nero&nbsp;cuenta con un equipo interdisciplinario conformado por el director de Desarrollo Social, una psic\u00f3loga, una abogada y quien les habla,&nbsp;encargada del \u00e1rea\u201d, repas\u00f3 Beatriz Vidal.<\/p>\n\n\n\n<p>Las intervenciones se realizan de forma semanal, con una duraci\u00f3n aproximadamente de 40 minutos,&nbsp;en el marco de la Ley de Salud Mental 19.529, por un tiempo indeterminado,&nbsp;de acuerdo a las particularidades de cada situaci\u00f3n que se presenta.&nbsp;<\/p>\n\n\n\n<p>Se inform\u00f3 que el abordaje prioriza la identificaci\u00f3n y visualizaci\u00f3n de los indicadores de riesgo,&nbsp;el acompa\u00f1amiento de la gesti\u00f3n emocional,&nbsp;el fortalecimiento y ampliaci\u00f3n de redes de apoyo y contenci\u00f3n.&nbsp;Asimismo, se le brinda asesoramiento legal y acompa\u00f1amiento a procesos judiciales,&nbsp;particularmente en casos de violencia dom\u00e9stica.<\/p>\n\n\n\n<p>Esta atenci\u00f3n es presencial y telef\u00f3nica sum\u00e1ndose el 4350 3094, de manera totalmente confidencial.&nbsp;<\/p>\n\n\n\n<p>\u201cDestacar que el trabajo de la psic\u00f3loga y la abogada del \u00e1rea,&nbsp;en estos dos o tres meses anteriores,&nbsp;hubo intervenci\u00f3n judicial de cuatro familias con alto riesgo,&nbsp;donde se cumpli\u00f3 el objetivo de los profesionales que trabajan aqu\u00ed en esta \u00e1rea\u201d, aport\u00f3 la jerarca.<\/p>\n\n\n\n<p><strong><em>Espacio de articulaci\u00f3n<\/em><\/strong><\/p>\n\n\n\n<p>Al momento un total de 22 mujeres de Sarand\u00ed Grande y otros puntos del interior floridense se encuentran en atenci\u00f3n.<\/p>\n\n\n\n<p>\u201cEstos datos reflejan no solo la demanda sostenida del servicio,&nbsp;sino tambi\u00e9n la confianza de las mujeres en este espacio institucional&nbsp;de acompa\u00f1amiento y protecci\u00f3n\u201d.&nbsp;<\/p>\n\n\n\n<p>La articulaci\u00f3n con servicios y apoyos se facilita desde la Secretar\u00eda, destacando que acompa\u00f1a la gesti\u00f3n&nbsp;de diversos recursos sociales, econ\u00f3micos y habitacionales,&nbsp;entre ellos canasta de alimentos de desarrollo social&nbsp;de la Intendencia Departamental de Florida,&nbsp;comedores municipales, beca de apoyo econ\u00f3mico&nbsp;y becas de hogar estudiantil en desarrollo social,&nbsp;postulaci\u00f3n de viviendas de vivir.<\/p>\n\n\n\n<p>El abordaje integral se sostiene a trav\u00e9s de una articulaci\u00f3n permanente&nbsp;con m\u00faltiples organismos e instituciones, por caso el MIDES e Inmujeres, RAP, ASSE,&nbsp;Ministerio del Interior, Congreso de Intendentes,&nbsp;ADEF, Ministerio de Vivienda y Ordenamiento Territorial,&nbsp;Comisi\u00f3n Honoraria de Lucha contra el C\u00e1ncer, Instituto T\u00e9cnico Forense, entre otros.&nbsp;<\/p>\n\n\n\n<p>\u201cEstas coordinaciones permiten optimizar recursos,&nbsp;evitar la re determinaci\u00f3n y garantizar respuestas integrales&nbsp;a las mujeres en situaci\u00f3n de violencia\u201d, aport\u00f3 la sic\u00f3loga.<\/p>\n\n\n\n<p>En forma paralela, durante el per\u00edodo informado se desarroll\u00f3 una intensa&nbsp;agenda de prevenci\u00f3n, de sensibilizaci\u00f3n y promoci\u00f3n de derechos que incluy\u00f3 talleres de capacitaciones e instituciones p\u00fablicas,&nbsp;centros educativos, asociaciones civiles,&nbsp;Instituto Nacional de Rehabilitaci\u00f3n y comunidad en general; talleres espec\u00edficos en centros educativos,&nbsp;involucrando a ni\u00f1os, ni\u00f1as, adolescentes y familias y equipos docentes.&nbsp;<\/p>\n","protected":false},"excerpt":{"rendered":"<p>La Semana de la Mujer, el D\u00eda Internacional de la Mujer \u2013este domingo 8-, marzo en su conjunto definido como el Mes de la Mujer, son espacios de tiempo donde la visibilidad del g\u00e9nero aumenta. Ello tambi\u00e9n se registr\u00f3 desde \u00c1rea de G\u00e9nero de la Intendencia de Florida, que mediante rueda de prensa present\u00f3 un [&hellip;]<\/p>\n","protected":false},"author":3,"featured_media":0,"comment_status":"open","ping_status":"open","sticky":false,"template":"","format":"standard","meta":{"footnotes":""},"categories":[1],"tags":[],"class_list":["post-542","post","type-post","status-publish","format-standard","hentry","category-sin-categoria"],"_links":{"self":[{"href":"https:\/\/sarandidigital.com\/uy\/wp-json\/wp\/v2\/posts\/542","targetHints":{"allow":["GET"]}}],"collection":[{"href":"https:\/\/sarandidigital.com\/uy\/wp-json\/wp\/v2\/posts"}],"about":[{"href":"https:\/\/sarandidigital.com\/uy\/wp-json\/wp\/v2\/types\/post"}],"author":[{"embeddable":true,"href":"https:\/\/sarandidigital.com\/uy\/wp-json\/wp\/v2\/users\/3"}],"replies":[{"embeddable":true,"href":"https:\/\/sarandidigital.com\/uy\/wp-json\/wp\/v2\/comments?post=542"}],"version-history":[{"count":1,"href":"https:\/\/sarandidigital.com\/uy\/wp-json\/wp\/v2\/posts\/542\/revisions"}],"predecessor-version":[{"id":544,"href":"https:\/\/sarandidigital.com\/uy\/wp-json\/wp\/v2\/posts\/542\/revisions\/544"}],"wp:attachment":[{"href":"https:\/\/sarandidigital.com\/uy\/wp-json\/wp\/v2\/media?parent=542"}],"wp:term":[{"taxonomy":"category","embeddable":true,"href":"https:\/\/sarandidigital.com\/uy\/wp-json\/wp\/v2\/categories?post=542"},{"taxonomy":"post_tag","embeddable":true,"href":"https:\/\/sarandidigital.com\/uy\/wp-json\/wp\/v2\/tags?post=542"}],"curies":[{"name":"wp","href":"https:\/\/api.w.org\/{rel}","templated":true}]}}